{"id":2442,"date":"2023-07-07T17:02:04","date_gmt":"2023-07-07T17:02:04","guid":{"rendered":"https:\/\/sites.letras.ufmg.br\/aem\/?p=2442"},"modified":"2026-03-17T16:11:46","modified_gmt":"2026-03-17T19:11:46","slug":"bem-vindo","status":"publish","type":"post","link":"https:\/\/sites.letras.ufmg.br\/aem\/bem-vindo\/","title":{"rendered":"Bem-vindo ao novo site do AEM!"},"content":{"rendered":"<p><span style=\"font-weight: 400;\">Est\u00e1 no ar o novo site do Acervo de Escritores Mineiros (AEM), de cara nova e com funcionalidades que v\u00e3o propiciar um maior dinamismo nas buscas pelas informa\u00e7\u00f5es e servi\u00e7os da institui\u00e7\u00e3o. Agora ser\u00e1 poss\u00edvel acessar invent\u00e1rios, agendar visitas em grupo, solicitar acesso ao acervo, ficar por dentro dos eventos e novidades do AEM, tudo em um s\u00f3 lugar.\u00a0<\/span><\/p>\n<p><!--more--><\/p>\n<p><span style=\"font-weight: 400;\">Sabrina Arantes, bolsista PBEXT do setor Comunica\u00e7\u00e3o Educativa e respons\u00e1vel pela identidade visual do site, conta que o layout foi pensado para que a interface com o usu\u00e1rio fosse a mais amig\u00e1vel poss\u00edvel: \u201cComo s\u00e3o muitos e diversos os servi\u00e7os prestados pelo AEM, assim como s\u00e3o numerosos os acervos custodiados, optamos por uma apar\u00eancia leve e simples, para que os usu\u00e1rios de diferentes perfis consigam navegar pelos assuntos de interesse com facilidade e de maneira assertiva\u201d.\u00a0<\/span><\/p>\n<p><span style=\"font-weight: 400;\">Como toda ferramenta de informa\u00e7\u00e3o, sua adequa\u00e7\u00e3o \u00e0s demandas de quem a utiliza \u00e9 fundamental. Por isso, ajustes pontuais ainda ser\u00e3o realizados, a partir do acompanhamento e an\u00e1lise dos usos e da intera\u00e7\u00e3o na plataforma. \u201cDecidimos disponibilizar o acesso ao site mesmo antes de uma vers\u00e3o definitiva, at\u00e9 porque se trata de um instrumento que deve ser permanentemente atualizado para acompanhar as transforma\u00e7\u00f5es sociais e tamb\u00e9m as metamorfoses t\u00edpicas das institui\u00e7\u00f5es arquiv\u00edsticas e de mem\u00f3ria\u201d, ressalta a diretora do AEM, Elen de Medeiros.\u00a0<\/span><\/p>\n<p><span style=\"font-weight: 400;\">Conte para a gente suas impress\u00f5es!<\/span><\/p>\n","protected":false},"excerpt":{"rendered":"<p>Est\u00e1 no ar o novo site do Acervo de Escritores Mineiros (AEM), de cara nova e com funcionalidades que v\u00e3o propiciar um maior dinamismo nas buscas pelas informa\u00e7\u00f5es e servi\u00e7os da institui\u00e7\u00e3o. Agora ser\u00e1 poss\u00edvel acessar invent\u00e1rios, agendar visitas em grupo, solicitar acesso ao acervo, ficar por dentro dos eventos e novidades do AEM, tudo [&hellip;]<\/p>\n","protected":false},"author":4,"featured_media":0,"comment_status":"closed","ping_status":"closed","sticky":false,"template":"","format":"standard","meta":{"saved_in_kubio":false,"footnotes":""},"categories":[15],"tags":[],"class_list":["post-2442","post","type-post","status-publish","format-standard","hentry","category-noticias"],"_links":{"self":[{"href":"https:\/\/sites.letras.ufmg.br\/aem\/wp-json\/wp\/v2\/posts\/2442","targetHints":{"allow":["GET"]}}],"collection":[{"href":"https:\/\/sites.letras.ufmg.br\/aem\/wp-json\/wp\/v2\/posts"}],"about":[{"href":"https:\/\/sites.letras.ufmg.br\/aem\/wp-json\/wp\/v2\/types\/post"}],"author":[{"embeddable":true,"href":"https:\/\/sites.letras.ufmg.br\/aem\/wp-json\/wp\/v2\/users\/4"}],"replies":[{"embeddable":true,"href":"https:\/\/sites.letras.ufmg.br\/aem\/wp-json\/wp\/v2\/comments?post=2442"}],"version-history":[{"count":12,"href":"https:\/\/sites.letras.ufmg.br\/aem\/wp-json\/wp\/v2\/posts\/2442\/revisions"}],"predecessor-version":[{"id":3773,"href":"https:\/\/sites.letras.ufmg.br\/aem\/wp-json\/wp\/v2\/posts\/2442\/revisions\/3773"}],"wp:attachment":[{"href":"https:\/\/sites.letras.ufmg.br\/aem\/wp-json\/wp\/v2\/media?parent=2442"}],"wp:term":[{"taxonomy":"category","embeddable":true,"href":"https:\/\/sites.letras.ufmg.br\/aem\/wp-json\/wp\/v2\/categories?post=2442"},{"taxonomy":"post_tag","embeddable":true,"href":"https:\/\/sites.letras.ufmg.br\/aem\/wp-json\/wp\/v2\/tags?post=2442"}],"curies":[{"name":"wp","href":"https:\/\/api.w.org\/{rel}","templated":true}]}}