{"id":2444,"date":"2023-07-07T18:21:28","date_gmt":"2023-07-07T18:21:28","guid":{"rendered":"https:\/\/sites.letras.ufmg.br\/aem\/?p=2444"},"modified":"2023-07-24T17:02:01","modified_gmt":"2023-07-24T17:02:01","slug":"estreia-da-serie-residuo","status":"publish","type":"post","link":"https:\/\/sites.letras.ufmg.br\/aem\/estreia-da-serie-residuo\/","title":{"rendered":"Estr\u00e9ia da s\u00e9rie &#8220;Res\u00edduo&#8221;"},"content":{"rendered":"\r\n<p><img loading=\"lazy\" decoding=\"async\" class=\"wp-image-2471 alignleft\" src=\"http:\/\/sites.letras.ufmg.br\/aem\/wp-content\/uploads\/2023\/07\/residuo-serie.jpeg\" alt=\"\" width=\"295\" height=\"295\" \/><\/p>\r\n<p>Dirigida por Mar\u00edlia Rocha e produzida pela Anavilhana, dia 4 de julho estreou a minis\u00e9rie &#8220;Res\u00edduo&#8221; no CanalBrasil e tamb\u00e9m no Globoplay.\u00a0<\/p>\r\n<p><!--more--><\/p>\r\n<p>Ser\u00e3o 4 epis\u00f3dios sobre mulheres escritoras: Beatriz Nascimento, Stella do Patroc\u00ednio, Patr\u00edcia Galv\u00e3o (Pagu) e Henriqueta Lisboa.\u00a0Todos eles ser\u00e3o exibidos sempre \u00e0s ter\u00e7as-feiras do m\u00eas de julho. A seguir, o cronograma da s\u00e9rie:<\/p>\r\n<p>Ep 1: Beatriz Nascimento &#8211; dia 4\/7<br \/>Ep 2: Stella do Patroc\u00ednio- dia 11\/7<br \/>Ep 3: Patr\u00edcia Galv\u00e3o &#8211; dia 18\/7<br \/>Ep4: Henriqueta Lisboa &#8211; dia 25\/7<\/p>\r\n","protected":false},"excerpt":{"rendered":"<p>Dirigida por Mar\u00edlia Rocha e produzida pela Anavilhana, dia 4 de julho estreou a minis\u00e9rie &#8220;Res\u00edduo&#8221; no CanalBrasil e tamb\u00e9m no Globoplay. <\/p>\n","protected":false},"author":4,"featured_media":0,"comment_status":"closed","ping_status":"closed","sticky":false,"template":"","format":"standard","meta":{"saved_in_kubio":false,"footnotes":""},"categories":[15],"tags":[17,18,16],"class_list":["post-2444","post","type-post","status-publish","format-standard","hentry","category-noticias","tag-documentario","tag-henriqueta-lisboa","tag-serie"],"_links":{"self":[{"href":"https:\/\/sites.letras.ufmg.br\/aem\/wp-json\/wp\/v2\/posts\/2444","targetHints":{"allow":["GET"]}}],"collection":[{"href":"https:\/\/sites.letras.ufmg.br\/aem\/wp-json\/wp\/v2\/posts"}],"about":[{"href":"https:\/\/sites.letras.ufmg.br\/aem\/wp-json\/wp\/v2\/types\/post"}],"author":[{"embeddable":true,"href":"https:\/\/sites.letras.ufmg.br\/aem\/wp-json\/wp\/v2\/users\/4"}],"replies":[{"embeddable":true,"href":"https:\/\/sites.letras.ufmg.br\/aem\/wp-json\/wp\/v2\/comments?post=2444"}],"version-history":[{"count":20,"href":"https:\/\/sites.letras.ufmg.br\/aem\/wp-json\/wp\/v2\/posts\/2444\/revisions"}],"predecessor-version":[{"id":2542,"href":"https:\/\/sites.letras.ufmg.br\/aem\/wp-json\/wp\/v2\/posts\/2444\/revisions\/2542"}],"wp:attachment":[{"href":"https:\/\/sites.letras.ufmg.br\/aem\/wp-json\/wp\/v2\/media?parent=2444"}],"wp:term":[{"taxonomy":"category","embeddable":true,"href":"https:\/\/sites.letras.ufmg.br\/aem\/wp-json\/wp\/v2\/categories?post=2444"},{"taxonomy":"post_tag","embeddable":true,"href":"https:\/\/sites.letras.ufmg.br\/aem\/wp-json\/wp\/v2\/tags?post=2444"}],"curies":[{"name":"wp","href":"https:\/\/api.w.org\/{rel}","templated":true}]}}